{"id":1396,"date":"2017-01-18T12:58:24","date_gmt":"2017-01-18T11:58:24","guid":{"rendered":"http:\/\/zaytouna-verein.de\/?p=1396"},"modified":"2017-01-23T19:08:36","modified_gmt":"2017-01-23T18:08:36","slug":"feierstunde-am-rathaus-berlin-charlottenburg-anlaesslich-des-6ten-jahrestages-der-tunesischen-revolution","status":"publish","type":"post","link":"https:\/\/zaytouna-verein.de\/?p=1396","title":{"rendered":"Feierstunde am Rathaus Berlin-Charlottenburg anl\u00e4sslich des 6ten Jahrestages der Tunesischen Revolution"},"content":{"rendered":"<p><a href=\"http:\/\/zaytouna-verein.de\/wp-content\/uploads\/2017\/01\/fb_img_1484695389017-1.jpg\"><img fetchpriority=\"high\" decoding=\"async\" src=\"http:\/\/zaytouna-verein.de\/wp-content\/uploads\/2017\/01\/fb_img_1484695389017-1.jpg\" alt=\"\" class=\"wp-image-1398 alignnone size-full\" width=\"1279\" height=\"960\" srcset=\"https:\/\/zaytouna-verein.de\/wp-content\/uploads\/2017\/01\/fb_img_1484695389017-1.jpg 1279w, https:\/\/zaytouna-verein.de\/wp-content\/uploads\/2017\/01\/fb_img_1484695389017-1-768x576.jpg 768w\" sizes=\"(max-width: 1279px) 100vw, 1279px\" \/><\/a><\/p>\n<p>In Kooperation mit dem Botschafter der Tunesischen Republik, S. E. Herr Elyes Kasri und weitere tunesische Vereine in Berlin, war das Koordinationsrat der tunesischen Vereine in Deutschland beteiligt in der Organisation eine Feierstunde am Rathaus Charlottenburg anl\u00e4sslich des 6ten Jahrestages der Tunesischen Revolution und der Tunesisch-Deutschen Freundschaft.<\/p>\n<p>Frau Carmen Hentschel von die Initiative f\u00fcr Tunesien (Initiative Peace Tunisia) hat das Event moderiert.<\/p>\n<p><a href=\"http:\/\/zaytouna-verein.de\/wp-content\/uploads\/2017\/01\/fb_img_1484695376671.jpg\"><img decoding=\"async\" src=\"http:\/\/zaytouna-verein.de\/wp-content\/uploads\/2017\/01\/fb_img_1484695376671.jpg\" alt=\"\" class=\"wp-image-1392 alignnone size-full\" width=\"1080\" height=\"720\" srcset=\"https:\/\/zaytouna-verein.de\/wp-content\/uploads\/2017\/01\/fb_img_1484695376671.jpg 1080w, https:\/\/zaytouna-verein.de\/wp-content\/uploads\/2017\/01\/fb_img_1484695376671-768x512.jpg 768w\" sizes=\"(max-width: 1080px) 100vw, 1080px\" \/><\/a><\/p>\n<p>Es war f\u00fcr alle Veranstalter sehr wichtig ein Zeichen der Solidarit\u00e4t mit dem Opfer des Berlin-Attentates am 19.12. und ihren Angeh\u00f6rigen zu zeigen.<br \/>\nZu den wichtigen G\u00e4sten z\u00e4hlt der deutsche Botschafter a.d. Herr Horst-Wolfram Kerll, der eine Rede gehalten hat.<\/p>\n<p><a href=\"http:\/\/zaytouna-verein.de\/wp-content\/uploads\/2017\/01\/fb_img_1484695349848.jpg\"><img decoding=\"async\" src=\"http:\/\/zaytouna-verein.de\/wp-content\/uploads\/2017\/01\/fb_img_1484695349848.jpg\" alt=\"\" class=\"wp-image-1393 alignnone size-full\" width=\"1365\" height=\"2048\" srcset=\"https:\/\/zaytouna-verein.de\/wp-content\/uploads\/2017\/01\/fb_img_1484695349848.jpg 1365w, https:\/\/zaytouna-verein.de\/wp-content\/uploads\/2017\/01\/fb_img_1484695349848-768x1152.jpg 768w\" sizes=\"(max-width: 1365px) 100vw, 1365px\" \/><\/a><\/p>\n<p>Au\u00dferdem hat der Bezirksb\u00fcrgermeister eine Vertretung geschickt. Abgeordenete der Bundestag haben Unterst\u00fctzungsbriefe zukommen lassen und von Frau Hentschel gelesen wurden.<\/p>\n<p><a href=\"http:\/\/zaytouna-verein.de\/wp-content\/uploads\/2017\/01\/fb_img_1484695416446.jpg\"><img loading=\"lazy\" decoding=\"async\" src=\"http:\/\/zaytouna-verein.de\/wp-content\/uploads\/2017\/01\/fb_img_1484695416446.jpg\" alt=\"\" class=\"wp-image-1394 alignnone size-full\" width=\"1080\" height=\"720\" srcset=\"https:\/\/zaytouna-verein.de\/wp-content\/uploads\/2017\/01\/fb_img_1484695416446.jpg 1080w, https:\/\/zaytouna-verein.de\/wp-content\/uploads\/2017\/01\/fb_img_1484695416446-768x512.jpg 768w\" sizes=\"(max-width: 1080px) 100vw, 1080px\" \/><\/a><\/p>\n<p>Motto diese Veranstaltung war: Tunesien, das Land der Freiheit, des Friedens und der Koexistenz. Wir sind alle Einig gegen den Terrorismus!<\/p>\n<p><a href=\"http:\/\/zaytouna-verein.de\/wp-content\/uploads\/2017\/01\/fb_img_1484695325043.jpg\"><img loading=\"lazy\" decoding=\"async\" src=\"http:\/\/zaytouna-verein.de\/wp-content\/uploads\/2017\/01\/fb_img_1484695325043.jpg\" alt=\"\" class=\"wp-image-1395 alignnone size-full\" width=\"1080\" height=\"720\" srcset=\"https:\/\/zaytouna-verein.de\/wp-content\/uploads\/2017\/01\/fb_img_1484695325043.jpg 1080w, https:\/\/zaytouna-verein.de\/wp-content\/uploads\/2017\/01\/fb_img_1484695325043-768x512.jpg 768w\" sizes=\"(max-width: 1080px) 100vw, 1080px\" \/><\/a><\/p>\n<p><iframe width=\"560\" height=\"315\" src=\"https:\/\/www.youtube.com\/embed\/-14ovTxFOVg\" frameborder=\"0\" allowfullscreen=\"\"><\/iframe><\/p>\n<p>Quelle: #tansikiade<\/p>\n","protected":false},"excerpt":{"rendered":"<p>In Kooperation mit dem Botschafter der Tunesischen Republik, S. E. Herr Elyes Kasri und weitere tunesische Vereine in Berlin, war das Koordinationsrat der tunesischen Vereine in Deutschland beteiligt in der Organisation eine Feierstunde am Rathaus Charlottenburg anl\u00e4sslich des 6ten Jahrestages der Tunesischen Revolution und der Tunesisch-Deutschen Freundschaft. Frau Carmen Hentschel von die Initiative f\u00fcr Tunesien (Initiative Peace Tunisia) hat das Event moderiert. Es war f\u00fcr alle Veranstalter sehr wichtig ein Zeichen der Solidarit\u00e4t mit dem Opfer des Berlin-Attentates am 19.12. &#8230; <i><a class=\"read-more\" href=\"https:\/\/zaytouna-verein.de\/?p=1396\">read more<\/a><\/i><\/p>\n","protected":false},"author":6,"featured_media":0,"comment_status":"open","ping_status":"open","sticky":false,"template":"","format":"standard","meta":{"_exactmetrics_skip_tracking":false,"_exactmetrics_sitenote_active":false,"_exactmetrics_sitenote_note":"","_exactmetrics_sitenote_category":0,"_monsterinsights_skip_tracking":false,"_monsterinsights_sitenote_active":false,"_monsterinsights_sitenote_note":"","_monsterinsights_sitenote_category":0,"footnotes":""},"categories":[39],"tags":[],"class_list":["post-1396","post","type-post","status-publish","format-standard","hentry","category-kddm-und-sonstige"],"_links":{"self":[{"href":"https:\/\/zaytouna-verein.de\/index.php?rest_route=\/wp\/v2\/posts\/1396","targetHints":{"allow":["GET"]}}],"collection":[{"href":"https:\/\/zaytouna-verein.de\/index.php?rest_route=\/wp\/v2\/posts"}],"about":[{"href":"https:\/\/zaytouna-verein.de\/index.php?rest_route=\/wp\/v2\/types\/post"}],"author":[{"embeddable":true,"href":"https:\/\/zaytouna-verein.de\/index.php?rest_route=\/wp\/v2\/users\/6"}],"replies":[{"embeddable":true,"href":"https:\/\/zaytouna-verein.de\/index.php?rest_route=%2Fwp%2Fv2%2Fcomments&post=1396"}],"version-history":[{"count":5,"href":"https:\/\/zaytouna-verein.de\/index.php?rest_route=\/wp\/v2\/posts\/1396\/revisions"}],"predecessor-version":[{"id":1440,"href":"https:\/\/zaytouna-verein.de\/index.php?rest_route=\/wp\/v2\/posts\/1396\/revisions\/1440"}],"wp:attachment":[{"href":"https:\/\/zaytouna-verein.de\/index.php?rest_route=%2Fwp%2Fv2%2Fmedia&parent=1396"}],"wp:term":[{"taxonomy":"category","embeddable":true,"href":"https:\/\/zaytouna-verein.de\/index.php?rest_route=%2Fwp%2Fv2%2Fcategories&post=1396"},{"taxonomy":"post_tag","embeddable":true,"href":"https:\/\/zaytouna-verein.de\/index.php?rest_route=%2Fwp%2Fv2%2Ftags&post=1396"}],"curies":[{"name":"wp","href":"https:\/\/api.w.org\/{rel}","templated":true}]}}