{"id":1473,"date":"2017-04-29T09:36:05","date_gmt":"2017-04-29T08:36:05","guid":{"rendered":"http:\/\/zaytouna-verein.de\/?p=1473"},"modified":"2017-04-29T09:42:40","modified_gmt":"2017-04-29T08:42:40","slug":"1473-2","status":"publish","type":"post","link":"https:\/\/zaytouna-verein.de\/?p=1473","title":{"rendered":"5. Jahrestagung des Koordinationsrats der tunesischen Vereine in Deutschland (KtVD)"},"content":{"rendered":"<p><img fetchpriority=\"high\" decoding=\"async\" src=\"http:\/\/zaytouna-verein.de\/wp-content\/uploads\/2017\/04\/18155953_1225253567572686_3621962586621303645_o-300x300.jpg\" alt=\"18155953_1225253567572686_3621962586621303645_o\" width=\"300\" height=\"300\" class=\"alignnone size-medium wp-image-1474\" srcset=\"https:\/\/zaytouna-verein.de\/wp-content\/uploads\/2017\/04\/18155953_1225253567572686_3621962586621303645_o-300x300.jpg 300w, https:\/\/zaytouna-verein.de\/wp-content\/uploads\/2017\/04\/18155953_1225253567572686_3621962586621303645_o-150x150.jpg 150w, https:\/\/zaytouna-verein.de\/wp-content\/uploads\/2017\/04\/18155953_1225253567572686_3621962586621303645_o-1024x1024.jpg 1024w\" sizes=\"(max-width: 300px) 100vw, 300px\" \/><\/p>\n<p>Hamburg (TZV) &#8211; Der Koordinationsrat der tunesischen Vereine in Deutschland \u062a\u0646\u0633\u0642\u064a\u0629 \u0627\u0644\u062c\u0645\u0639\u064a\u0627\u062a \u0627\u0644\u062a\u0648\u0646\u0633\u064a\u0629 \u0628\u0623\u0644\u0645\u0627\u0646\u064a\u0627 &#8211; KtVD veranstaltet am 29.04.2017 in enger Zusammenarbeit mit dem Tunesischen Generalkonsulat Hamburg, Deutsch-Tunesischer Vereine in Hamburg, dem Tunesischen Zaytouna Verein f\u00fcr Kommunikation e.V. (TZV) und freundlicher Unterst\u00fctzung vom Centrum f\u00fcr internationale Migration und Entwicklung, die 5. Jahrestagung des Koordinationsrats unter dem Motto:<\/p>\n<p>&#8222;Tunesische Kompetenztr\u00e4ger: Weiterbildung und wissenschaftliche Zusammenarbeit\u201d<br \/>\n \u201cWas k\u00f6nnen die tunesische Vereine beitragen, um die tunesische Jugend in Deutschland vor dem Terrorismus und der Kriminalit\u00e4t zu besch\u00fctzen\u201d<\/p>\n<p>An der 5. KtVD Jahrestagung werden Vertreter der deutsch-tunesischen Vereine, die im KtVD angeschlo\u00dfen sind teilnehmen. Au\u00dferdem werden besondere G\u00e4ste anwesend sein:<\/p>\n<p>Herr Radwan Ayara &#8211; Staatssekret\u00e4r der Tunesier im Ausland<br \/>\nHerr Elyas Kasri &#8211; Botschafter der Republik Tunesien in Deutschland<br \/>\nFrau Sonia Ben Amor &#8211; Konsul der Republik Tunesien in Hamburg<br \/>\nProf. Dr.-Ing. habil Chokri Cherif &#8211; Tr\u00e4ger des deutschen Zukunftspreis<br \/>\nHerr Mohamed Taha Sabri &#8211; Tr\u00e4ger des Verdienstordens des Landes Berlin<br \/>\nHerr Bernhard Schattner &#8211; Centrum f\u00fcr internationale Migration und Entwicklung<\/p>\n<p>\u0627\u0644\u0645\u0624\u062a\u0645\u0631 \u0627\u0644\u0633\u0646\u0648\u064a \u0627\u0644\u062e\u0627\u0645\u0633<br \/>\n#\u062a\u0646\u0633\u064a\u0642\u064a\u0629_\u0627\u0644\u062c\u0645\u0639\u064a\u0627\u062a_\u0627\u0644\u062a\u0648\u0646\u0633\u064a\u0629_\u0628\u0623\u0644\u0645\u0627\u0646\u064a\u0627<\/p>\n<p> \u062a\u062d\u062a \u0639\u0646\u0648\u0627\u0646:<br \/>\n\u201c\u0627\u0644\u0643\u0641\u0627\u0621\u0627\u062a \u0627\u0644\u062a\u0648\u0646\u0633\u064a\u0629 \u0641\u064a \u0623\u0644\u0645\u0627\u0646\u064a\u0627 \u0648\u062f\u0648\u0631\u0647\u0627 \u0641\u064a \u062a\u0637\u0648\u064a\u0631 \u0627\u0644\u062a\u0639\u0627\u0648\u0646 \u0627\u0644\u0645\u0634\u062a\u0631\u0643 \u0627\u0644\u062a\u0648\u0646\u0633\u064a \u0627\u0644\u0623\u0644\u0645\u0627\u0646\u064a\u201d<br \/>\n \u201c\u0645\u0633\u0624\u0648\u0644\u064a\u0629 \u0627\u0644\u062c\u0645\u0639\u064a\u0627\u062a \u0627\u0644\u062a\u0648\u0646\u0633\u064a\u0629 \u0641\u064a \u062a\u0623\u0637\u064a\u0631 \u0627\u0644\u0634\u0651\u0628\u0627\u0628 \u0627\u0644\u062a\u0648\u0646\u0633\u064a \u0648\u062d\u0645\u0627\u064a\u062a\u0647 \u0645\u0646 \u0645\u062e\u0627\u0637\u0631 \u0627\u0644\u062c\u0631\u064a\u0645\u0629 \u0648\u0627\u0644\u062a\u0637\u0631\u0641\u201d<\/p>\n<p>\u0627\u0644\u0645\u0633\u0627\u0647\u0645\u064a\u0646 \u0641\u064a \u0627\u0644\u0644\u0642\u0627\u0621:<br \/>\n&#8211; \u0642\u0646\u0635\u0644\u064a\u0629 \u0627\u0644\u062c\u0645\u0647\u0648\u0631\u064a\u0629 \u0627\u0644\u062a\u0648\u0646\u0633\u064a\u0629 \u0628\u0647\u0645\u0628\u0648\u0631\u063a<br \/>\n&#8211; \u0627\u0644\u062c\u0645\u0639\u064a\u0627\u062a \u0627\u0644\u062a\u0648\u0646\u0633\u064a\u0629 \u0628\u0645\u062f\u064a\u0646\u0629 \u0647\u0645\u0628\u0648\u0631\u063a<br \/>\n&#8211; \u062c\u0645\u0639\u064a\u0629 \u0627\u0644\u0632\u064a\u062a\u0648\u0646\u0629 \u0627\u0644\u062a\u0648\u0646\u0633\u064a\u0629 \u0644\u0644\u062a\u0648\u0627\u0635\u0644<\/p>\n<p>#tansikiade<br \/>\n#TZV #Zaytouna<br \/>\na<\/p>\n","protected":false},"excerpt":{"rendered":"<p>Hamburg (TZV) &#8211; Der Koordinationsrat der tunesischen Vereine in Deutschland \u062a\u0646\u0633\u0642\u064a\u0629 \u0627\u0644\u062c\u0645\u0639\u064a\u0627\u062a \u0627\u0644\u062a\u0648\u0646\u0633\u064a\u0629 \u0628\u0623\u0644\u0645\u0627\u0646\u064a\u0627 &#8211; KtVD veranstaltet am 29.04.2017 in enger Zusammenarbeit mit dem Tunesischen Generalkonsulat Hamburg, Deutsch-Tunesischer Vereine in Hamburg, dem Tunesischen Zaytouna Verein f\u00fcr Kommunikation e.V. (TZV) und freundlicher Unterst\u00fctzung vom Centrum f\u00fcr internationale Migration und Entwicklung, die 5. Jahrestagung des Koordinationsrats unter dem Motto: &#8222;Tunesische Kompetenztr\u00e4ger: Weiterbildung und wissenschaftliche Zusammenarbeit\u201d \u201cWas k\u00f6nnen die tunesische Vereine beitragen, um die tunesische Jugend in Deutschland vor dem Terrorismus und der &#8230; <i><a class=\"read-more\" href=\"https:\/\/zaytouna-verein.de\/?p=1473\">read more<\/a><\/i><\/p>\n","protected":false},"author":6,"featured_media":0,"comment_status":"open","ping_status":"open","sticky":false,"template":"","format":"standard","meta":{"_exactmetrics_skip_tracking":false,"_exactmetrics_sitenote_active":false,"_exactmetrics_sitenote_note":"","_exactmetrics_sitenote_category":0,"_monsterinsights_skip_tracking":false,"_monsterinsights_sitenote_active":false,"_monsterinsights_sitenote_note":"","_monsterinsights_sitenote_category":0,"footnotes":""},"categories":[39],"tags":[],"class_list":["post-1473","post","type-post","status-publish","format-standard","hentry","category-kddm-und-sonstige"],"_links":{"self":[{"href":"https:\/\/zaytouna-verein.de\/index.php?rest_route=\/wp\/v2\/posts\/1473","targetHints":{"allow":["GET"]}}],"collection":[{"href":"https:\/\/zaytouna-verein.de\/index.php?rest_route=\/wp\/v2\/posts"}],"about":[{"href":"https:\/\/zaytouna-verein.de\/index.php?rest_route=\/wp\/v2\/types\/post"}],"author":[{"embeddable":true,"href":"https:\/\/zaytouna-verein.de\/index.php?rest_route=\/wp\/v2\/users\/6"}],"replies":[{"embeddable":true,"href":"https:\/\/zaytouna-verein.de\/index.php?rest_route=%2Fwp%2Fv2%2Fcomments&post=1473"}],"version-history":[{"count":4,"href":"https:\/\/zaytouna-verein.de\/index.php?rest_route=\/wp\/v2\/posts\/1473\/revisions"}],"predecessor-version":[{"id":1479,"href":"https:\/\/zaytouna-verein.de\/index.php?rest_route=\/wp\/v2\/posts\/1473\/revisions\/1479"}],"wp:attachment":[{"href":"https:\/\/zaytouna-verein.de\/index.php?rest_route=%2Fwp%2Fv2%2Fmedia&parent=1473"}],"wp:term":[{"taxonomy":"category","embeddable":true,"href":"https:\/\/zaytouna-verein.de\/index.php?rest_route=%2Fwp%2Fv2%2Fcategories&post=1473"},{"taxonomy":"post_tag","embeddable":true,"href":"https:\/\/zaytouna-verein.de\/index.php?rest_route=%2Fwp%2Fv2%2Ftags&post=1473"}],"curies":[{"name":"wp","href":"https:\/\/api.w.org\/{rel}","templated":true}]}}