{"id":1801,"date":"2017-11-18T12:39:45","date_gmt":"2017-11-18T11:39:45","guid":{"rendered":"http:\/\/zaytouna-verein.de\/?p=1801"},"modified":"2018-05-24T12:42:43","modified_gmt":"2018-05-24T11:42:43","slug":"kandidatenliste-legpartielles2017-isie-allemagne-tunesierwaehlen-tzv","status":"publish","type":"post","link":"https:\/\/zaytouna-verein.de\/?p=1801","title":{"rendered":"Kandidatenliste #L\u00e9gPartielles2017 #ISIE #Allemagne #TunesierW\u00e4hlen #TZV"},"content":{"rendered":"<p>&#x1f4cc; Die Instance Sup\u00e9rieure Ind\u00e9pendante pour les \u00c9lections in Tunesien &#x1f1f9;&#x1f1f3;\ufe0f hat am 17.11.2017 die endg\u00fcltige Kandidatenliste f\u00fcr die partiellen Wahlen in Deutschland &#x1f1e9;&#x1f1ea;\ufe0f bekannt gegeben. Es wird ein\/e Parlamentsabgeordnete\/r gew\u00e4hlt, der\/die die in Deutschland lebenden Tunesier repr\u00e4sentieren soll. \u2b07\u2b07\u2b07<\/p>\n<p>&#x1f508; Tunesischer Zaytouna Verein f\u00fcr Kommunikation e.V. (TZV) wird im Rahmen der Demokratief\u00f6rderung wie bereits 2014 am 09.12.2017 eine Politische Debatte &#x1f399;\ufe0f in D\u00fcsseldorf organisieren. Alle Kandidaten ohne Ausnahme wurden diesbez\u00fcglich schriftlich eingeladen und einige Kandidaten haben bereits zugesagt.<\/p>\n<p>&#x1f5f3;\ufe0f Wir glauben an die Wichtigkeit politischer Debatten in jedem Demokratisierungsprozess und wir wollen ein positives Zeichen in Bezug auf die bevorstehenden Kommunalwahlen in Tunesien setzen.<\/p>\n<p><iframe src=\"https:\/\/www.facebook.com\/plugins\/video.php?href=https%3A%2F%2Fwww.facebook.com%2Fzaytouna.verein%2Fvideos%2F1405431822888192%2F&#038;show_text=0&#038;width=361\" width=\"361\" height=\"476\" style=\"border:none;overflow:hidden\" scrolling=\"no\" frameborder=\"0\" allowTransparency=\"true\" allowFullScreen=\"true\"><\/iframe><\/p>\n<p>&#x1f51c; Weitere Infos (Ort und Zeit) werden in den n\u00e4chsten Tagen bekannt gegeben.<\/p>\n<p>#L\u00e9gPartielles2017 #ISIE #Allemagne #TunesierW\u00e4hlen #TZV<\/p>\n","protected":false},"excerpt":{"rendered":"<p>&#x1f4cc; Die Instance Sup\u00e9rieure Ind\u00e9pendante pour les \u00c9lections in Tunesien &#x1f1f9;&#x1f1f3;\ufe0f hat am 17.11.2017 die endg\u00fcltige Kandidatenliste f\u00fcr die partiellen Wahlen in Deutschland &#x1f1e9;&#x1f1ea;\ufe0f bekannt gegeben. Es wird ein\/e Parlamentsabgeordnete\/r gew\u00e4hlt, der\/die die in Deutschland lebenden Tunesier repr\u00e4sentieren soll. \u2b07\u2b07\u2b07 &#x1f508; Tunesischer Zaytouna Verein f\u00fcr Kommunikation e.V. (TZV) wird im Rahmen der Demokratief\u00f6rderung wie bereits 2014 am 09.12.2017 eine Politische Debatte &#x1f399;\ufe0f in D\u00fcsseldorf organisieren. Alle Kandidaten ohne Ausnahme wurden diesbez\u00fcglich schriftlich eingeladen und einige Kandidaten haben bereits zugesagt. &#x1f5f3;\ufe0f &#8230; <i><a class=\"read-more\" href=\"https:\/\/zaytouna-verein.de\/?p=1801\">read more<\/a><\/i><\/p>\n","protected":false},"author":6,"featured_media":0,"comment_status":"open","ping_status":"open","sticky":false,"template":"","format":"standard","meta":{"_exactmetrics_skip_tracking":false,"_exactmetrics_sitenote_active":false,"_exactmetrics_sitenote_note":"","_exactmetrics_sitenote_category":0,"_monsterinsights_skip_tracking":false,"_monsterinsights_sitenote_active":false,"_monsterinsights_sitenote_note":"","_monsterinsights_sitenote_category":0,"footnotes":""},"categories":[37],"tags":[],"class_list":["post-1801","post","type-post","status-publish","format-standard","hentry","category-sonstige-aktivitaeten"],"_links":{"self":[{"href":"https:\/\/zaytouna-verein.de\/index.php?rest_route=\/wp\/v2\/posts\/1801","targetHints":{"allow":["GET"]}}],"collection":[{"href":"https:\/\/zaytouna-verein.de\/index.php?rest_route=\/wp\/v2\/posts"}],"about":[{"href":"https:\/\/zaytouna-verein.de\/index.php?rest_route=\/wp\/v2\/types\/post"}],"author":[{"embeddable":true,"href":"https:\/\/zaytouna-verein.de\/index.php?rest_route=\/wp\/v2\/users\/6"}],"replies":[{"embeddable":true,"href":"https:\/\/zaytouna-verein.de\/index.php?rest_route=%2Fwp%2Fv2%2Fcomments&post=1801"}],"version-history":[{"count":1,"href":"https:\/\/zaytouna-verein.de\/index.php?rest_route=\/wp\/v2\/posts\/1801\/revisions"}],"predecessor-version":[{"id":1802,"href":"https:\/\/zaytouna-verein.de\/index.php?rest_route=\/wp\/v2\/posts\/1801\/revisions\/1802"}],"wp:attachment":[{"href":"https:\/\/zaytouna-verein.de\/index.php?rest_route=%2Fwp%2Fv2%2Fmedia&parent=1801"}],"wp:term":[{"taxonomy":"category","embeddable":true,"href":"https:\/\/zaytouna-verein.de\/index.php?rest_route=%2Fwp%2Fv2%2Fcategories&post=1801"},{"taxonomy":"post_tag","embeddable":true,"href":"https:\/\/zaytouna-verein.de\/index.php?rest_route=%2Fwp%2Fv2%2Ftags&post=1801"}],"curies":[{"name":"wp","href":"https:\/\/api.w.org\/{rel}","templated":true}]}}