{"id":1846,"date":"2018-10-19T15:31:31","date_gmt":"2018-10-19T14:31:31","guid":{"rendered":"http:\/\/zaytouna-verein.de\/?p=1846"},"modified":"2018-12-11T15:33:06","modified_gmt":"2018-12-11T14:33:06","slug":"der-zaytouna-verein-veranstaltet-den-kinder-vater-tag","status":"publish","type":"post","link":"https:\/\/zaytouna-verein.de\/?p=1846","title":{"rendered":"Der Zaytouna Verein veranstaltet den Kinder-Vater Tag"},"content":{"rendered":"<p><img fetchpriority=\"high\" decoding=\"async\" src=\"http:\/\/zaytouna-verein.de\/wp-content\/uploads\/2018\/12\/44330347_1782211251876912_7232600488376532992_n-300x300.jpg\" alt=\"\" width=\"300\" height=\"300\" class=\"alignnone size-medium wp-image-1847\" srcset=\"https:\/\/zaytouna-verein.de\/wp-content\/uploads\/2018\/12\/44330347_1782211251876912_7232600488376532992_n-300x300.jpg 300w, https:\/\/zaytouna-verein.de\/wp-content\/uploads\/2018\/12\/44330347_1782211251876912_7232600488376532992_n-150x150.jpg 150w, https:\/\/zaytouna-verein.de\/wp-content\/uploads\/2018\/12\/44330347_1782211251876912_7232600488376532992_n-1024x1024.jpg 1024w\" sizes=\"(max-width: 300px) 100vw, 300px\" \/><\/p>\n<p>Der TZV veranstaltet morgen, 20.10.18 in Erkrath (Kreis Mettmann), den Kinder Vater &#x1f468;\u200d&#x1f467;\u200d&#x1f466;Tag. Neben Schwimmen &#x1f3ca;\u200d\u2642\ufe0f, ist auch das Wandern in einem Wald &#x1f333; geplant:<\/p>\n<p>Der Wald bietet ganz viel Raum f\u00fcr die Entdeckungsfreude und den nat\u00fcrlichen Bewegungsdrang unserer Kinder.<\/p>\n<p>Kindheit heutzutage spielt sich immer mehr nur in der Wohnung\/im Haus ab. In warmen geheizten R\u00e4umen, ohne Hindernisse beim Laufen, mit kurzen Wegen von Zimmer zu Zimmer. Die Folgen: Bewegungs- und Wahrnehmungsst\u00f6rungen, soziale Defizite und \u00dcbergewicht nehmen immer mehr zu.<br \/>\nIm Rahmen des Kinder-Vater-Tag, haben Kinder die M\u00f6glichkeit die Erde in den H\u00e4nden zu f\u00fchlen, Sonne, Wind und Regen im Gesicht zu sp\u00fcren, auf Baumst\u00e4mmen zu balancieren. Der Wald bietet eine unendliche, sich jeden Tag aufs Neue entfaltende, lebendige Spiel- und Erlebniswelt.<\/p>\n<p>Nachtr\u00e4glich bekommt jedes Kind eine kleine Fibel \u00fcber den Wald und lernt damit wom\u00f6glich bilingual (Deutsch\/Arabisch) den Wald auch spielend kennen.<\/p>\n<p>Wir freuen uns auf euch!<\/p>\n<p>Facebook: \/zaytouna.verein<br \/>\nWebseite: www.zaytouna-verein.de<br \/>\nTwitter: @Zaytouna_Verein<br \/>\nYoutube: \/zaytounaverein<\/p>\n","protected":false},"excerpt":{"rendered":"<p>Der TZV veranstaltet morgen, 20.10.18 in Erkrath (Kreis Mettmann), den Kinder Vater &#x1f468;\u200d&#x1f467;\u200d&#x1f466;Tag. Neben Schwimmen &#x1f3ca;\u200d\u2642\ufe0f, ist auch das Wandern in einem Wald &#x1f333; geplant: Der Wald bietet ganz viel Raum f\u00fcr die Entdeckungsfreude und den nat\u00fcrlichen Bewegungsdrang unserer Kinder. Kindheit heutzutage spielt sich immer mehr nur in der Wohnung\/im Haus ab. In warmen geheizten R\u00e4umen, ohne Hindernisse beim Laufen, mit kurzen Wegen von Zimmer zu Zimmer. Die Folgen: Bewegungs- und Wahrnehmungsst\u00f6rungen, soziale Defizite und \u00dcbergewicht nehmen immer mehr zu. &#8230; <i><a class=\"read-more\" href=\"https:\/\/zaytouna-verein.de\/?p=1846\">read more<\/a><\/i><\/p>\n","protected":false},"author":6,"featured_media":0,"comment_status":"open","ping_status":"open","sticky":false,"template":"","format":"standard","meta":{"_exactmetrics_skip_tracking":false,"_exactmetrics_sitenote_active":false,"_exactmetrics_sitenote_note":"","_exactmetrics_sitenote_category":0,"_monsterinsights_skip_tracking":false,"_monsterinsights_sitenote_active":false,"_monsterinsights_sitenote_note":"","_monsterinsights_sitenote_category":0,"footnotes":""},"categories":[1],"tags":[],"class_list":["post-1846","post","type-post","status-publish","format-standard","hentry","category-uncategorized"],"_links":{"self":[{"href":"https:\/\/zaytouna-verein.de\/index.php?rest_route=\/wp\/v2\/posts\/1846","targetHints":{"allow":["GET"]}}],"collection":[{"href":"https:\/\/zaytouna-verein.de\/index.php?rest_route=\/wp\/v2\/posts"}],"about":[{"href":"https:\/\/zaytouna-verein.de\/index.php?rest_route=\/wp\/v2\/types\/post"}],"author":[{"embeddable":true,"href":"https:\/\/zaytouna-verein.de\/index.php?rest_route=\/wp\/v2\/users\/6"}],"replies":[{"embeddable":true,"href":"https:\/\/zaytouna-verein.de\/index.php?rest_route=%2Fwp%2Fv2%2Fcomments&post=1846"}],"version-history":[{"count":1,"href":"https:\/\/zaytouna-verein.de\/index.php?rest_route=\/wp\/v2\/posts\/1846\/revisions"}],"predecessor-version":[{"id":1848,"href":"https:\/\/zaytouna-verein.de\/index.php?rest_route=\/wp\/v2\/posts\/1846\/revisions\/1848"}],"wp:attachment":[{"href":"https:\/\/zaytouna-verein.de\/index.php?rest_route=%2Fwp%2Fv2%2Fmedia&parent=1846"}],"wp:term":[{"taxonomy":"category","embeddable":true,"href":"https:\/\/zaytouna-verein.de\/index.php?rest_route=%2Fwp%2Fv2%2Fcategories&post=1846"},{"taxonomy":"post_tag","embeddable":true,"href":"https:\/\/zaytouna-verein.de\/index.php?rest_route=%2Fwp%2Fv2%2Ftags&post=1846"}],"curies":[{"name":"wp","href":"https:\/\/api.w.org\/{rel}","templated":true}]}}