{"id":1849,"date":"2018-10-02T15:33:53","date_gmt":"2018-10-02T14:33:53","guid":{"rendered":"http:\/\/zaytouna-verein.de\/?p=1849"},"modified":"2018-12-11T15:35:14","modified_gmt":"2018-12-11T14:35:14","slug":"tzv-medienbericht-zum-tag-der-vielfalt-am-30-09-2018-im-zakk-duesseldorf","status":"publish","type":"post","link":"https:\/\/zaytouna-verein.de\/?p=1849","title":{"rendered":"TZV Medienbericht zum &#8222;Tag der Vielfalt&#8220; am 30.09.2018 im zakk D\u00fcsseldorf"},"content":{"rendered":"<p><img fetchpriority=\"high\" decoding=\"async\" src=\"http:\/\/zaytouna-verein.de\/wp-content\/uploads\/2018\/12\/42938054_1761045240660180_7948882513726799872_n-300x300.jpg\" alt=\"\" width=\"300\" height=\"300\" class=\"alignnone size-medium wp-image-1850\" srcset=\"https:\/\/zaytouna-verein.de\/wp-content\/uploads\/2018\/12\/42938054_1761045240660180_7948882513726799872_n-300x300.jpg 300w, https:\/\/zaytouna-verein.de\/wp-content\/uploads\/2018\/12\/42938054_1761045240660180_7948882513726799872_n-150x150.jpg 150w, https:\/\/zaytouna-verein.de\/wp-content\/uploads\/2018\/12\/42938054_1761045240660180_7948882513726799872_n-1024x1024.jpg 1024w\" sizes=\"(max-width: 300px) 100vw, 300px\" \/><\/p>\n<p>Der Tunesische \u201eZaytouna\u201c Verein f\u00fcr Kommunikation e.V. nahm am Sonntag den 30. September an der sechsten Ausgabe des Tag der Vielfalt in der Zakk Halle in D\u00fcsseldorf teil. Das Fokusthema f\u00fcr die diesj\u00e4hrige Veranstaltung ist die \u201eRevolution\u201c.<\/p>\n<p>Als Vertreter der Deutsch-Tunesischen Gemeinschaft in der Stadt war Zaytouna\u00b4s Beitrags in Form einer visuellen Pr\u00e4sentation von Bildern der \u201eRevolution der W\u00fcrde\u201c 2010-2011 sowie einen Gespr\u00e4ch mit dem Vorstandsvorsitzenden Herrn Ahmed Gatri \u00fcber die aktuelle Situation in Tunesien und der arabischen Welt.<\/p>\n<p><img decoding=\"async\" src=\"http:\/\/zaytouna-verein.de\/wp-content\/uploads\/2018\/12\/42889901_1761045397326831_8003049657716441088_o-300x300.jpg\" alt=\"\" width=\"300\" height=\"300\" class=\"alignnone size-medium wp-image-1851\" srcset=\"https:\/\/zaytouna-verein.de\/wp-content\/uploads\/2018\/12\/42889901_1761045397326831_8003049657716441088_o-300x300.jpg 300w, https:\/\/zaytouna-verein.de\/wp-content\/uploads\/2018\/12\/42889901_1761045397326831_8003049657716441088_o-150x150.jpg 150w, https:\/\/zaytouna-verein.de\/wp-content\/uploads\/2018\/12\/42889901_1761045397326831_8003049657716441088_o-1024x1024.jpg 1024w\" sizes=\"(max-width: 300px) 100vw, 300px\" \/><\/p>\n<p>Die Veranstaltung war ein besonderer Anlass, die Ereignisse der Revolution vom November 1918-1919 in D\u00fcsseldorf in Form einer Theaterauff\u00fchrung sowie weltweiten V\u00f6lker-Revolutionen durch verschiedene musikalischen und k\u00fcnstlerischen Darbietungen vorzustellen.<\/p>\n<p>\u0634\u0627\u0631\u0643\u062a \u062c\u0645\u0639\u064a\u0629 \u0627\u0644\u0632\u064a\u062a\u0648\u0646\u0629 \u0627\u0644\u062a\u0648\u0646\u0633\u064a\u0629 \u0644\u0644\u062a\u0648\u0627\u0635\u0644 \u064a\u0648\u0645 \u0627\u0644\u0623\u062d\u062f 30 \u0633\u0628\u062a\u0645\u0628\u0631 \u0641\u064a \u0641\u0639\u0627\u0644\u064a\u0627\u062a \u0627\u0644\u062f\u0648\u0631\u0629 \u0627\u0644\u0633\u0627\u062f\u0633\u0629 \u0645\u0646 \u062a\u0638\u0627\u0647\u0631\u0629 \u064a\u0648\u0645 \u0627\u0644\u062a\u0646\u0648\u0639 \u0628\u0645\u062f\u064a\u0646\u0629 \u062f\u0648\u0633\u0644\u062f\u0648\u0631\u0641 \u0628\u0642\u0627\u0639\u0629 &#8222;\u0632\u0627\u0643&#8220; \u0648 \u064a\u0639\u0646\u0649 \u0627\u0644\u062d\u0641\u0644 \u0641\u064a \u0647\u0630\u0647 \u0627\u0644\u062f\u0648\u0631\u0629 \u0628\u0645\u0648\u0636\u0648\u0639 \u0627\u0644\u062b\u0648\u0631\u0629. \u0643\u0645\u0645\u062b\u0644\u0629 \u0644\u0644\u062c\u0627\u0644\u064a\u0629 \u0627\u0644\u0623\u0644\u0645\u0627\u0646\u064a\u0629-\u0627\u0644\u062a\u0648\u0646\u0633\u064a\u0629 \u0628\u0627\u0644\u0645\u062f\u064a\u0646\u0629 \u0643\u0627\u0646 \u062d\u0636\u0648\u0631 \u0627\u0644\u0632\u064a\u062a\u0648\u0646\u0629 \u0641\u064a \u0634\u0643\u0644 \u0639\u0631\u0636 \u0645\u0631\u0626\u064a \u0644\u0635\u0648\u0631 \u0627\u062d\u062f\u0627\u062b \u062b\u0648\u0631\u0629 \u0627\u0644\u0643\u0631\u0627\u0645\u0629 \u0648 \u062d\u0648\u0627\u0631 \u0645\u0639 \u0631\u0626\u064a\u0633 \u0627\u0644\u062c\u0645\u0639\u064a\u0629 \u0623\u062d\u0645\u062f \u0627\u0644\u0642\u0627\u0637\u0631\u064a \u062d\u0648\u0644 \u0627\u0644\u0648\u0636\u0639 \u0627\u0644\u0631\u0627\u0647\u0646 \u0641\u064a \u062a\u0648\u0646\u0633 \u0648 \u0627\u0644\u0639\u0627\u0644\u0645 \u0627\u0644\u0639\u0631\u0628\u064a.<br \/>\n\u0627\u0644\u062a\u0638\u0627\u0647\u0631\u0629 \u0643\u0627\u0646 \u0645\u0646\u0627\u0633\u0628\u0629 \u0645\u0645\u064a\u0632\u0629 \u0644\u0644\u062a\u0639\u0631\u064a\u0641 \u0628\u0623\u062d\u062f\u0627\u062b \u062b\u0648\u0631\u0629 \u0646\u0648\u0641\u0645\u0628\u0631 1918-1919 \u0628\u0645\u062f\u064a\u0646\u0629 \u062f\u0648\u0633\u0644\u062f\u0648\u0631\u0641 \u0641\u064a \u0634\u0643\u0644 \u0639\u0631\u0636 \u0645\u0633\u0631\u062d\u064a \u0648 \u0645\u062b\u064a\u0644\u0627\u062a\u0647\u0627 \u062d\u0648\u0644 \u0627\u0644\u0639\u0627\u0644\u0645 \u0639\u0628\u0631 \u0639\u0631\u0648\u0636 \u0645\u0648\u0633\u064a\u0642\u064a\u0629 \u0648 \u0641\u0646\u064a\u0629 \u0645\u062e\u062a\u0644\u0641\u0629.<\/p>\n<p>Facebook: \/zaytouna.verein<br \/>\nWebseite: www.zaytouna-verein.de<br \/>\nTwitter: @Zaytouna_Verein<br \/>\nYoutube: \/zaytounaverein<\/p>\n","protected":false},"excerpt":{"rendered":"<p>Der Tunesische \u201eZaytouna\u201c Verein f\u00fcr Kommunikation e.V. nahm am Sonntag den 30. September an der sechsten Ausgabe des Tag der Vielfalt in der Zakk Halle in D\u00fcsseldorf teil. Das Fokusthema f\u00fcr die diesj\u00e4hrige Veranstaltung ist die \u201eRevolution\u201c. Als Vertreter der Deutsch-Tunesischen Gemeinschaft in der Stadt war Zaytouna\u00b4s Beitrags in Form einer visuellen Pr\u00e4sentation von Bildern der \u201eRevolution der W\u00fcrde\u201c 2010-2011 sowie einen Gespr\u00e4ch mit dem Vorstandsvorsitzenden Herrn Ahmed Gatri \u00fcber die aktuelle Situation in Tunesien und der arabischen Welt. Die &#8230; <i><a class=\"read-more\" href=\"https:\/\/zaytouna-verein.de\/?p=1849\">read more<\/a><\/i><\/p>\n","protected":false},"author":6,"featured_media":0,"comment_status":"open","ping_status":"open","sticky":false,"template":"","format":"standard","meta":{"_exactmetrics_skip_tracking":false,"_exactmetrics_sitenote_active":false,"_exactmetrics_sitenote_note":"","_exactmetrics_sitenote_category":0,"_monsterinsights_skip_tracking":false,"_monsterinsights_sitenote_active":false,"_monsterinsights_sitenote_note":"","_monsterinsights_sitenote_category":0,"footnotes":""},"categories":[1],"tags":[],"class_list":["post-1849","post","type-post","status-publish","format-standard","hentry","category-uncategorized"],"_links":{"self":[{"href":"https:\/\/zaytouna-verein.de\/index.php?rest_route=\/wp\/v2\/posts\/1849","targetHints":{"allow":["GET"]}}],"collection":[{"href":"https:\/\/zaytouna-verein.de\/index.php?rest_route=\/wp\/v2\/posts"}],"about":[{"href":"https:\/\/zaytouna-verein.de\/index.php?rest_route=\/wp\/v2\/types\/post"}],"author":[{"embeddable":true,"href":"https:\/\/zaytouna-verein.de\/index.php?rest_route=\/wp\/v2\/users\/6"}],"replies":[{"embeddable":true,"href":"https:\/\/zaytouna-verein.de\/index.php?rest_route=%2Fwp%2Fv2%2Fcomments&post=1849"}],"version-history":[{"count":1,"href":"https:\/\/zaytouna-verein.de\/index.php?rest_route=\/wp\/v2\/posts\/1849\/revisions"}],"predecessor-version":[{"id":1852,"href":"https:\/\/zaytouna-verein.de\/index.php?rest_route=\/wp\/v2\/posts\/1849\/revisions\/1852"}],"wp:attachment":[{"href":"https:\/\/zaytouna-verein.de\/index.php?rest_route=%2Fwp%2Fv2%2Fmedia&parent=1849"}],"wp:term":[{"taxonomy":"category","embeddable":true,"href":"https:\/\/zaytouna-verein.de\/index.php?rest_route=%2Fwp%2Fv2%2Fcategories&post=1849"},{"taxonomy":"post_tag","embeddable":true,"href":"https:\/\/zaytouna-verein.de\/index.php?rest_route=%2Fwp%2Fv2%2Ftags&post=1849"}],"curies":[{"name":"wp","href":"https:\/\/api.w.org\/{rel}","templated":true}]}}